{"id":10840,"date":"2026-04-29T08:15:00","date_gmt":"2026-04-29T11:15:00","guid":{"rendered":"https:\/\/pactonet.com.br\/?p=10840"},"modified":"2026-04-29T10:09:11","modified_gmt":"2026-04-29T13:09:11","slug":"seguranca-do-trabalho","status":"publish","type":"post","link":"https:\/\/pactonet.com.br\/?p=10840","title":{"rendered":"Seguran\u00e7a do trabalho: como prevenir riscos no ambiente condominial"},"content":{"rendered":"\n<p>Celebrado em 28 de abril, o Dia Mundial da Seguran\u00e7a e Sa\u00fade no Trabalho refor\u00e7a a import\u00e2ncia da preven\u00e7\u00e3o de acidentes e doen\u00e7as ocupacionais e convida gestores a adotarem pr\u00e1ticas mais seguras no dia a dia. Nesse contexto, o s\u00edndico tem papel fundamental ao garantir condi\u00e7\u00f5es adequadas de trabalho e cumprir normas e obriga\u00e7\u00f5es legais, previsto na NR-1, contribuindo &nbsp;para proteger vidas e promover bem-estar de todos.&nbsp;<\/p>\n\n\n\n<h2 class=\"wp-block-heading\"><strong>Como prevenir riscos no ambiente de trabalho<\/strong><\/h2>\n\n\n\n<p>A rotina de trabalho em ambientes condominiais exige aten\u00e7\u00e3o constante \u00e0 seguran\u00e7a. Porteiros, faxineiros e zeladores lidam diariamente com situa\u00e7\u00f5es que podem <a href=\"https:\/\/pactonet.com.br\/?p=7136\">gerar acidentes<\/a> ou doen\u00e7as ocupacionais. A seguir, veja como prevenir os principais riscos:<\/p>\n\n\n\n<p><strong>Preven\u00e7\u00e3o de quedas<\/strong><\/p>\n\n\n\n<ul class=\"wp-block-list\">\n<li>Conservar os pisos em bom estado e manter \u00e1reas de circula\u00e7\u00e3o livres de fios e obst\u00e1culos<\/li>\n\n\n\n<li>Sinalizar pisos molhados e realizar a secagem imediata ap\u00f3s a limpeza<\/li>\n\n\n\n<li>Utilizar tapetes antiderrapantes em locais com maior risco<\/li>\n\n\n\n<li>Garantir ilumina\u00e7\u00e3o adequada em todos os espa\u00e7os<\/li>\n<\/ul>\n\n\n\n<p><strong>Controle do conforto t\u00e9rmico<\/strong><\/p>\n\n\n\n<ul class=\"wp-block-list\">\n<li>Manter ambientes climatizados, especialmente guaritas<\/li>\n\n\n\n<li>Controlar temperatura, umidade e ventila\u00e7\u00e3o<\/li>\n\n\n\n<li>Seguir a recomenda\u00e7\u00e3o da NR-17, mantendo a temperatura entre 18\u00baC e 25\u00baC<\/li>\n<\/ul>\n\n\n\n<p><strong>Uso seguro de produtos qu\u00edmicos<\/strong><\/p>\n\n\n\n<ul class=\"wp-block-list\">\n<li>Nunca misturar produtos qu\u00edmicos<\/li>\n\n\n\n<li>Manter o ambiente ventilado durante o uso<\/li>\n\n\n\n<li>Utilizar luvas e equipamentos adequados para cada atividade<\/li>\n<\/ul>\n\n\n\n<p><strong>Preven\u00e7\u00e3o de riscos el\u00e9tricos<\/strong><\/p>\n\n\n\n<ul class=\"wp-block-list\">\n<li>Evitar o uso de benjamins e sobrecarga de tomadas<\/li>\n\n\n\n<li>Garantir que haja quantidade suficiente de pontos el\u00e9tricos<\/li>\n\n\n\n<li>Utilizar apenas equipamentos em bom estado e realizar inspe\u00e7\u00f5es antes do uso<\/li>\n<\/ul>\n\n\n\n<h2 class=\"wp-block-heading\"><strong>Equipamentos de Prote\u00e7\u00e3o Individual (EPIs)<\/strong><\/h2>\n\n\n\n<p>O uso correto dos <strong>Equipamentos de Prote\u00e7\u00e3o Individual (EPIs)<\/strong> \u00e9 fundamental para reduzir riscos e preservar a sa\u00fade dos trabalhadores. Eles ajudam a prevenir acidentes como cortes, choques el\u00e9tricos e queimaduras, problemas respirat\u00f3rios e dermatol\u00f3gicos.<\/p>\n\n\n\n<p>\u00c9 responsabilidade do condom\u00ednio fornecer os EPIs gratuitamente, em boas condi\u00e7\u00f5es e adequados para cada fun\u00e7\u00e3o, al\u00e9m de orientar e treinar os <a href=\"https:\/\/pactonet.com.br\/?p=7604\">colaboradores<\/a>. J\u00e1 os trabalhadores devem utilizar os equipamentos corretamente, conserv\u00e1-los e comunicar qualquer problema.<\/p>\n\n\n\n<h3 class=\"wp-block-heading\"><strong>Aten\u00e7\u00e3o aos riscos no dia a dia \u00e9 essencial para a seguran\u00e7a do trabalho<\/strong><\/h3>\n\n\n\n<p>Promover um ambiente seguro em condom\u00ednios exige aten\u00e7\u00e3o cont\u00ednua, cumprimento das normas e conscientiza\u00e7\u00e3o de todos os envolvidos. A <strong>PACTO<\/strong> conta com uma equipe especializada em gest\u00e3o de pessoal, oferecendo suporte completo em quest\u00f5es trabalhistas e seguran\u00e7a ocupacional. Saiba mais sobre os <a href=\"https:\/\/pactonet.com.br\/?page_id=21\">nossos servi\u00e7os<\/a>.<\/p>\n\n\n\n<p><\/p>\n","protected":false},"excerpt":{"rendered":"<p>Celebrado em 28 de abril, o Dia Mundial da Seguran\u00e7a e Sa\u00fade no Trabalho refor\u00e7a a import\u00e2ncia da preven\u00e7\u00e3o de acidentes e doen\u00e7as ocupacionais e convida gestores a adotarem pr\u00e1ticas mais seguras no dia a dia. Nesse contexto, o s\u00edndico tem papel fundamental ao garantir condi\u00e7\u00f5es adequadas de trabalho e cumprir normas e obriga\u00e7\u00f5es legais, [&hellip;]<\/p>\n","protected":false},"author":7,"featured_media":0,"comment_status":"open","ping_status":"open","sticky":false,"template":"","format":"standard","meta":{"ocean_post_layout":"","ocean_both_sidebars_style":"","ocean_both_sidebars_content_width":0,"ocean_both_sidebars_sidebars_width":0,"ocean_sidebar":"","ocean_second_sidebar":"","ocean_disable_margins":"enable","ocean_add_body_class":"","ocean_shortcode_before_top_bar":"","ocean_shortcode_after_top_bar":"","ocean_shortcode_before_header":"","ocean_shortcode_after_header":"","ocean_has_shortcode":"","ocean_shortcode_after_title":"","ocean_shortcode_before_footer_widgets":"","ocean_shortcode_after_footer_widgets":"","ocean_shortcode_before_footer_bottom":"","ocean_shortcode_after_footer_bottom":"","ocean_display_top_bar":"default","ocean_display_header":"default","ocean_header_style":"","ocean_center_header_left_menu":"","ocean_custom_header_template":"","ocean_custom_logo":0,"ocean_custom_retina_logo":0,"ocean_custom_logo_max_width":0,"ocean_custom_logo_tablet_max_width":0,"ocean_custom_logo_mobile_max_width":0,"ocean_custom_logo_max_height":0,"ocean_custom_logo_tablet_max_height":0,"ocean_custom_logo_mobile_max_height":0,"ocean_header_custom_menu":"","ocean_menu_typo_font_family":"","ocean_menu_typo_font_subset":"","ocean_menu_typo_font_size":0,"ocean_menu_typo_font_size_tablet":0,"ocean_menu_typo_font_size_mobile":0,"ocean_menu_typo_font_size_unit":"px","ocean_menu_typo_font_weight":"","ocean_menu_typo_font_weight_tablet":"","ocean_menu_typo_font_weight_mobile":"","ocean_menu_typo_transform":"","ocean_menu_typo_transform_tablet":"","ocean_menu_typo_transform_mobile":"","ocean_menu_typo_line_height":0,"ocean_menu_typo_line_height_tablet":0,"ocean_menu_typo_line_height_mobile":0,"ocean_menu_typo_line_height_unit":"","ocean_menu_typo_spacing":0,"ocean_menu_typo_spacing_tablet":0,"ocean_menu_typo_spacing_mobile":0,"ocean_menu_typo_spacing_unit":"","ocean_menu_link_color":"","ocean_menu_link_color_hover":"","ocean_menu_link_color_active":"","ocean_menu_link_background":"","ocean_menu_link_hover_background":"","ocean_menu_link_active_background":"","ocean_menu_social_links_bg":"","ocean_menu_social_hover_links_bg":"","ocean_menu_social_links_color":"","ocean_menu_social_hover_links_color":"","ocean_disable_title":"default","ocean_disable_heading":"default","ocean_post_title":"","ocean_post_subheading":"","ocean_post_title_style":"","ocean_post_title_background_color":"","ocean_post_title_background":0,"ocean_post_title_bg_image_position":"","ocean_post_title_bg_image_attachment":"","ocean_post_title_bg_image_repeat":"","ocean_post_title_bg_image_size":"","ocean_post_title_height":0,"ocean_post_title_bg_overlay":0.5,"ocean_post_title_bg_overlay_color":"","ocean_disable_breadcrumbs":"default","ocean_breadcrumbs_color":"","ocean_breadcrumbs_separator_color":"","ocean_breadcrumbs_links_color":"","ocean_breadcrumbs_links_hover_color":"","ocean_display_footer_widgets":"default","ocean_display_footer_bottom":"default","ocean_custom_footer_template":"","ocean_post_oembed":"","ocean_post_self_hosted_media":"","ocean_post_video_embed":"","ocean_link_format":"","ocean_link_format_target":"self","ocean_quote_format":"","ocean_quote_format_link":"post","ocean_gallery_link_images":"on","ocean_gallery_id":[],"footnotes":""},"categories":[343,30],"tags":[],"class_list":["post-10840","post","type-post","status-publish","format-standard","hentry","category-administracao","category-legislacao","entry"],"yoast_head":"<!-- This site is optimized with the Yoast SEO plugin v24.5 - https:\/\/yoast.com\/wordpress\/plugins\/seo\/ -->\r\n<title>Seguran\u00e7a do trabalho: como prevenir riscos no ambiente condominial<\/title>\r\n<meta name=\"description\" content=\"Seguran\u00e7a do trabalho no ambiente condominial: veja como prevenir riscos, evitar acidentes e proteger colaboradores com medidas pr\u00e1ticas no dia a dia.\" \/>\r\n<meta name=\"robots\" content=\"index, follow, max-snippet:-1, max-image-preview:large, max-video-preview:-1\" \/>\r\n<link rel=\"canonical\" href=\"https:\/\/pactonet.com.br\/?p=10840\" \/>\r\n<meta property=\"og:locale\" content=\"pt_BR\" \/>\r\n<meta property=\"og:type\" content=\"article\" \/>\r\n<meta property=\"og:title\" content=\"Seguran\u00e7a do trabalho: como prevenir riscos no ambiente condominial\" \/>\r\n<meta property=\"og:description\" content=\"Seguran\u00e7a do trabalho no ambiente condominial: veja como prevenir riscos, evitar acidentes e proteger colaboradores com medidas pr\u00e1ticas no dia a dia.\" \/>\r\n<meta property=\"og:url\" content=\"https:\/\/pactonet.com.br\/?p=10840\" \/>\r\n<meta property=\"og:site_name\" content=\"PACTO Administradora de Condom\u00ednios\" \/>\r\n<meta property=\"article:publisher\" content=\"https:\/\/www.facebook.com\/PactoAdministradora\" \/>\r\n<meta property=\"article:published_time\" content=\"2026-04-29T11:15:00+00:00\" \/>\r\n<meta property=\"article:modified_time\" content=\"2026-04-29T13:09:11+00:00\" \/>\r\n<meta property=\"og:image\" content=\"https:\/\/pactonet.com.br\/pactoWP\/wp-content\/uploads\/2022\/06\/pacto-simbolos-A4-adesivos.png\" \/>\r\n\t<meta property=\"og:image:width\" content=\"5512\" \/>\r\n\t<meta property=\"og:image:height\" content=\"5512\" \/>\r\n\t<meta property=\"og:image:type\" content=\"image\/png\" \/>\r\n<meta name=\"author\" content=\"Comunica\u00e7\u00e3o PACTO\" \/>\r\n<meta name=\"twitter:card\" content=\"summary_large_image\" \/>\r\n<meta name=\"twitter:creator\" content=\"@pactoadm\" \/>\r\n<meta name=\"twitter:site\" content=\"@pactoadm\" \/>\r\n<meta name=\"twitter:label1\" content=\"Escrito por\" \/>\n\t<meta name=\"twitter:data1\" content=\"Comunica\u00e7\u00e3o PACTO\" \/>\n\t<meta name=\"twitter:label2\" content=\"Est. tempo de leitura\" \/>\n\t<meta name=\"twitter:data2\" content=\"2 minutos\" \/>\r\n<script type=\"application\/ld+json\" class=\"yoast-schema-graph\">{\"@context\":\"https:\/\/schema.org\",\"@graph\":[{\"@type\":\"Article\",\"@id\":\"https:\/\/pactonet.com.br\/?p=10840#article\",\"isPartOf\":{\"@id\":\"https:\/\/pactonet.com.br\/?p=10840\"},\"author\":{\"name\":\"Comunica\u00e7\u00e3o PACTO\",\"@id\":\"https:\/\/pactonet.com.br\/#\/schema\/person\/4c1c67841304786780f228ae00756ca5\"},\"headline\":\"Seguran\u00e7a do trabalho: como prevenir riscos no ambiente condominial\",\"datePublished\":\"2026-04-29T11:15:00+00:00\",\"dateModified\":\"2026-04-29T13:09:11+00:00\",\"mainEntityOfPage\":{\"@id\":\"https:\/\/pactonet.com.br\/?p=10840\"},\"wordCount\":428,\"commentCount\":0,\"publisher\":{\"@id\":\"https:\/\/pactonet.com.br\/#organization\"},\"articleSection\":[\"Administra\u00e7\u00e3o\",\"Legisla\u00e7\u00e3o\"],\"inLanguage\":\"pt-BR\",\"potentialAction\":[{\"@type\":\"CommentAction\",\"name\":\"Comment\",\"target\":[\"https:\/\/pactonet.com.br\/?p=10840#respond\"]}]},{\"@type\":\"WebPage\",\"@id\":\"https:\/\/pactonet.com.br\/?p=10840\",\"url\":\"https:\/\/pactonet.com.br\/?p=10840\",\"name\":\"Seguran\u00e7a do trabalho: como prevenir riscos no ambiente condominial\",\"isPartOf\":{\"@id\":\"https:\/\/pactonet.com.br\/#website\"},\"datePublished\":\"2026-04-29T11:15:00+00:00\",\"dateModified\":\"2026-04-29T13:09:11+00:00\",\"description\":\"Seguran\u00e7a do trabalho no ambiente condominial: veja como prevenir riscos, evitar acidentes e proteger colaboradores com medidas pr\u00e1ticas no dia a dia.\",\"breadcrumb\":{\"@id\":\"https:\/\/pactonet.com.br\/?p=10840#breadcrumb\"},\"inLanguage\":\"pt-BR\",\"potentialAction\":[{\"@type\":\"ReadAction\",\"target\":[\"https:\/\/pactonet.com.br\/?p=10840\"]}]},{\"@type\":\"BreadcrumbList\",\"@id\":\"https:\/\/pactonet.com.br\/?p=10840#breadcrumb\",\"itemListElement\":[{\"@type\":\"ListItem\",\"position\":1,\"name\":\"In\u00edcio\",\"item\":\"https:\/\/pactonet.com.br\/\"},{\"@type\":\"ListItem\",\"position\":2,\"name\":\"Seguran\u00e7a do trabalho: como prevenir riscos no ambiente condominial\"}]},{\"@type\":\"WebSite\",\"@id\":\"https:\/\/pactonet.com.br\/#website\",\"url\":\"https:\/\/pactonet.com.br\/\",\"name\":\"PACTO Administradora de Condom\u00ednios\",\"description\":\"39 anos de experi\u00eancia em Administra\u00e7\u00e3o Condominial. Gest\u00e3o de Condom\u00ednios Eficiente, Inovadora e Transparente.\",\"publisher\":{\"@id\":\"https:\/\/pactonet.com.br\/#organization\"},\"alternateName\":\"pactonet.com.br\",\"potentialAction\":[{\"@type\":\"SearchAction\",\"target\":{\"@type\":\"EntryPoint\",\"urlTemplate\":\"https:\/\/pactonet.com.br\/?s={search_term_string}\"},\"query-input\":{\"@type\":\"PropertyValueSpecification\",\"valueRequired\":true,\"valueName\":\"search_term_string\"}}],\"inLanguage\":\"pt-BR\"},{\"@type\":\"Organization\",\"@id\":\"https:\/\/pactonet.com.br\/#organization\",\"name\":\"PACTO & Co\",\"url\":\"https:\/\/pactonet.com.br\/\",\"logo\":{\"@type\":\"ImageObject\",\"inLanguage\":\"pt-BR\",\"@id\":\"https:\/\/pactonet.com.br\/#\/schema\/logo\/image\/\",\"url\":\"https:\/\/pactonet.com.br\/pactoWP\/wp-content\/uploads\/2022\/06\/PACTO-grupo.png\",\"contentUrl\":\"https:\/\/pactonet.com.br\/pactoWP\/wp-content\/uploads\/2022\/06\/PACTO-grupo.png\",\"width\":850,\"height\":191,\"caption\":\"PACTO & Co\"},\"image\":{\"@id\":\"https:\/\/pactonet.com.br\/#\/schema\/logo\/image\/\"},\"sameAs\":[\"https:\/\/www.facebook.com\/PactoAdministradora\",\"https:\/\/x.com\/pactoadm\",\"https:\/\/www.instagram.com\/pactoadministradora\/\",\"https:\/\/www.linkedin.com\/company\/pacto-administradora\/\",\"https:\/\/www.youtube.com\/channel\/UCFz66Tf3nKExnbRt_NCK_hw\/\"]},{\"@type\":\"Person\",\"@id\":\"https:\/\/pactonet.com.br\/#\/schema\/person\/4c1c67841304786780f228ae00756ca5\",\"name\":\"Comunica\u00e7\u00e3o PACTO\",\"image\":{\"@type\":\"ImageObject\",\"inLanguage\":\"pt-BR\",\"@id\":\"https:\/\/pactonet.com.br\/#\/schema\/person\/image\/\",\"url\":\"https:\/\/secure.gravatar.com\/avatar\/eca6469cc64b5f8dc768700b4d6208c340b409098566d5d37d0f90f3012a5083?s=96&d=mm&r=g\",\"contentUrl\":\"https:\/\/secure.gravatar.com\/avatar\/eca6469cc64b5f8dc768700b4d6208c340b409098566d5d37d0f90f3012a5083?s=96&d=mm&r=g\",\"caption\":\"Comunica\u00e7\u00e3o PACTO\"},\"url\":\"https:\/\/pactonet.com.br\/?author=7\"}]}<\/script>\r\n<!-- \/ Yoast SEO plugin. -->","yoast_head_json":{"title":"Seguran\u00e7a do trabalho: como prevenir riscos no ambiente condominial","description":"Seguran\u00e7a do trabalho no ambiente condominial: veja como prevenir riscos, evitar acidentes e proteger colaboradores com medidas pr\u00e1ticas no dia a dia.","robots":{"index":"index","follow":"follow","max-snippet":"max-snippet:-1","max-image-preview":"max-image-preview:large","max-video-preview":"max-video-preview:-1"},"canonical":"https:\/\/pactonet.com.br\/?p=10840","og_locale":"pt_BR","og_type":"article","og_title":"Seguran\u00e7a do trabalho: como prevenir riscos no ambiente condominial","og_description":"Seguran\u00e7a do trabalho no ambiente condominial: veja como prevenir riscos, evitar acidentes e proteger colaboradores com medidas pr\u00e1ticas no dia a dia.","og_url":"https:\/\/pactonet.com.br\/?p=10840","og_site_name":"PACTO Administradora de Condom\u00ednios","article_publisher":"https:\/\/www.facebook.com\/PactoAdministradora","article_published_time":"2026-04-29T11:15:00+00:00","article_modified_time":"2026-04-29T13:09:11+00:00","og_image":[{"width":5512,"height":5512,"url":"https:\/\/pactonet.com.br\/pactoWP\/wp-content\/uploads\/2022\/06\/pacto-simbolos-A4-adesivos.png","type":"image\/png"}],"author":"Comunica\u00e7\u00e3o PACTO","twitter_card":"summary_large_image","twitter_creator":"@pactoadm","twitter_site":"@pactoadm","twitter_misc":{"Escrito por":"Comunica\u00e7\u00e3o PACTO","Est. tempo de leitura":"2 minutos"},"schema":{"@context":"https:\/\/schema.org","@graph":[{"@type":"Article","@id":"https:\/\/pactonet.com.br\/?p=10840#article","isPartOf":{"@id":"https:\/\/pactonet.com.br\/?p=10840"},"author":{"name":"Comunica\u00e7\u00e3o PACTO","@id":"https:\/\/pactonet.com.br\/#\/schema\/person\/4c1c67841304786780f228ae00756ca5"},"headline":"Seguran\u00e7a do trabalho: como prevenir riscos no ambiente condominial","datePublished":"2026-04-29T11:15:00+00:00","dateModified":"2026-04-29T13:09:11+00:00","mainEntityOfPage":{"@id":"https:\/\/pactonet.com.br\/?p=10840"},"wordCount":428,"commentCount":0,"publisher":{"@id":"https:\/\/pactonet.com.br\/#organization"},"articleSection":["Administra\u00e7\u00e3o","Legisla\u00e7\u00e3o"],"inLanguage":"pt-BR","potentialAction":[{"@type":"CommentAction","name":"Comment","target":["https:\/\/pactonet.com.br\/?p=10840#respond"]}]},{"@type":"WebPage","@id":"https:\/\/pactonet.com.br\/?p=10840","url":"https:\/\/pactonet.com.br\/?p=10840","name":"Seguran\u00e7a do trabalho: como prevenir riscos no ambiente condominial","isPartOf":{"@id":"https:\/\/pactonet.com.br\/#website"},"datePublished":"2026-04-29T11:15:00+00:00","dateModified":"2026-04-29T13:09:11+00:00","description":"Seguran\u00e7a do trabalho no ambiente condominial: veja como prevenir riscos, evitar acidentes e proteger colaboradores com medidas pr\u00e1ticas no dia a dia.","breadcrumb":{"@id":"https:\/\/pactonet.com.br\/?p=10840#breadcrumb"},"inLanguage":"pt-BR","potentialAction":[{"@type":"ReadAction","target":["https:\/\/pactonet.com.br\/?p=10840"]}]},{"@type":"BreadcrumbList","@id":"https:\/\/pactonet.com.br\/?p=10840#breadcrumb","itemListElement":[{"@type":"ListItem","position":1,"name":"In\u00edcio","item":"https:\/\/pactonet.com.br\/"},{"@type":"ListItem","position":2,"name":"Seguran\u00e7a do trabalho: como prevenir riscos no ambiente condominial"}]},{"@type":"WebSite","@id":"https:\/\/pactonet.com.br\/#website","url":"https:\/\/pactonet.com.br\/","name":"PACTO Administradora de Condom\u00ednios","description":"39 anos de experi\u00eancia em Administra\u00e7\u00e3o Condominial. Gest\u00e3o de Condom\u00ednios Eficiente, Inovadora e Transparente.","publisher":{"@id":"https:\/\/pactonet.com.br\/#organization"},"alternateName":"pactonet.com.br","potentialAction":[{"@type":"SearchAction","target":{"@type":"EntryPoint","urlTemplate":"https:\/\/pactonet.com.br\/?s={search_term_string}"},"query-input":{"@type":"PropertyValueSpecification","valueRequired":true,"valueName":"search_term_string"}}],"inLanguage":"pt-BR"},{"@type":"Organization","@id":"https:\/\/pactonet.com.br\/#organization","name":"PACTO & Co","url":"https:\/\/pactonet.com.br\/","logo":{"@type":"ImageObject","inLanguage":"pt-BR","@id":"https:\/\/pactonet.com.br\/#\/schema\/logo\/image\/","url":"https:\/\/pactonet.com.br\/pactoWP\/wp-content\/uploads\/2022\/06\/PACTO-grupo.png","contentUrl":"https:\/\/pactonet.com.br\/pactoWP\/wp-content\/uploads\/2022\/06\/PACTO-grupo.png","width":850,"height":191,"caption":"PACTO & Co"},"image":{"@id":"https:\/\/pactonet.com.br\/#\/schema\/logo\/image\/"},"sameAs":["https:\/\/www.facebook.com\/PactoAdministradora","https:\/\/x.com\/pactoadm","https:\/\/www.instagram.com\/pactoadministradora\/","https:\/\/www.linkedin.com\/company\/pacto-administradora\/","https:\/\/www.youtube.com\/channel\/UCFz66Tf3nKExnbRt_NCK_hw\/"]},{"@type":"Person","@id":"https:\/\/pactonet.com.br\/#\/schema\/person\/4c1c67841304786780f228ae00756ca5","name":"Comunica\u00e7\u00e3o PACTO","image":{"@type":"ImageObject","inLanguage":"pt-BR","@id":"https:\/\/pactonet.com.br\/#\/schema\/person\/image\/","url":"https:\/\/secure.gravatar.com\/avatar\/eca6469cc64b5f8dc768700b4d6208c340b409098566d5d37d0f90f3012a5083?s=96&d=mm&r=g","contentUrl":"https:\/\/secure.gravatar.com\/avatar\/eca6469cc64b5f8dc768700b4d6208c340b409098566d5d37d0f90f3012a5083?s=96&d=mm&r=g","caption":"Comunica\u00e7\u00e3o PACTO"},"url":"https:\/\/pactonet.com.br\/?author=7"}]}},"_links":{"self":[{"href":"https:\/\/pactonet.com.br\/index.php?rest_route=\/wp\/v2\/posts\/10840","targetHints":{"allow":["GET"]}}],"collection":[{"href":"https:\/\/pactonet.com.br\/index.php?rest_route=\/wp\/v2\/posts"}],"about":[{"href":"https:\/\/pactonet.com.br\/index.php?rest_route=\/wp\/v2\/types\/post"}],"author":[{"embeddable":true,"href":"https:\/\/pactonet.com.br\/index.php?rest_route=\/wp\/v2\/users\/7"}],"replies":[{"embeddable":true,"href":"https:\/\/pactonet.com.br\/index.php?rest_route=%2Fwp%2Fv2%2Fcomments&post=10840"}],"version-history":[{"count":1,"href":"https:\/\/pactonet.com.br\/index.php?rest_route=\/wp\/v2\/posts\/10840\/revisions"}],"predecessor-version":[{"id":10841,"href":"https:\/\/pactonet.com.br\/index.php?rest_route=\/wp\/v2\/posts\/10840\/revisions\/10841"}],"wp:attachment":[{"href":"https:\/\/pactonet.com.br\/index.php?rest_route=%2Fwp%2Fv2%2Fmedia&parent=10840"}],"wp:term":[{"taxonomy":"category","embeddable":true,"href":"https:\/\/pactonet.com.br\/index.php?rest_route=%2Fwp%2Fv2%2Fcategories&post=10840"},{"taxonomy":"post_tag","embeddable":true,"href":"https:\/\/pactonet.com.br\/index.php?rest_route=%2Fwp%2Fv2%2Ftags&post=10840"}],"curies":[{"name":"wp","href":"https:\/\/api.w.org\/{rel}","templated":true}]}}