{"id":838,"date":"2021-12-27T11:00:11","date_gmt":"2021-12-27T14:00:11","guid":{"rendered":"https:\/\/pactonet.com.br\/?p=838"},"modified":"2024-06-13T14:18:02","modified_gmt":"2024-06-13T17:18:02","slug":"checklist-para-o-sindico-comecar-o-ano-com-o-pe-direito","status":"publish","type":"post","link":"https:\/\/pactonet.com.br\/?p=838","title":{"rendered":"Checklist para o s\u00edndico come\u00e7ar o ano com o p\u00e9 direito"},"content":{"rendered":"\n<p><br>Voc\u00ea leu o nosso post sobre &#8220;<a href=\"https:\/\/pactonet.com.br\/10-passos-para-se-tornar-um-sindico-lider\/\">10 passos para se tornar um s\u00edndico l\u00edder<\/a>&#8220;? Ent\u00e3o se lembra que uma das dicas foi sobre se ORGANIZAR. Isso mesmo, organiza\u00e7\u00e3o \u00e9 um dos fatores que fazem a diferen\u00e7a para uma gest\u00e3o de sucesso. <\/p>\n\n\n\n<p>Tendo isso em vista, lidar com in\u00fameras tarefas, responsabilidades, estar atento aos prazos de contratos, datas previstas para manuten\u00e7\u00f5es, datas de futuras reuni\u00f5es de assembleia d\u00e1 muito trabalho. Al\u00e9m disso, s\u00e3o tarefas que exigem muito cuidado e aten\u00e7\u00e3o.&nbsp;&nbsp; <\/p>\n\n\n\n<p>Por isso, se em 2023 voc\u00ea n\u00e3o soube por onde come\u00e7ar, acabou se atrapalhando e como todo mundo tamb\u00e9m prometeu que em 2024 seria diferente, voc\u00ea est\u00e1 no lugar certo. Para te auxiliar na organiza\u00e7\u00e3o da sua gest\u00e3o condominial fizemos um checklist com tarefas que devem ser realizadas no in\u00edcio do ano.\u00a0 <\/p>\n\n\n\n<p>Se voc\u00ea come\u00e7ar 2024 seguindo o nosso checklist, tenho certeza que a sua gest\u00e3o ter\u00e1 tudo para ser um sucesso! Ent\u00e3o veja abaixo algumas dicas que preparamos.<\/p>\n\n\n\n<h2 class=\"wp-block-heading\">Checklist para o s\u00edndico<\/h2>\n\n\n\n<ul class=\"wp-block-list\">\n<li>Fazer o balan\u00e7o do ano de 2023<\/li>\n<\/ul>\n\n\n\n<ul class=\"wp-block-list\">\n<li>Fazer uma previs\u00e3o or\u00e7ament\u00e1ria para 2024<\/li>\n<\/ul>\n\n\n\n<ul class=\"wp-block-list\">\n<li>Organizar todas as <a href=\"https:\/\/pactonet.com.br\/controle-de-despesas-do-condominio\/\" target=\"_blank\" rel=\"noreferrer noopener\" aria-label=\"Organizar todas as contas do condom\u00ednio (opens in a new tab)\">contas do condom\u00ednio<\/a><\/li>\n<\/ul>\n\n\n\n<ul class=\"wp-block-list\">\n<li>Marcar <a href=\"https:\/\/pactonet.com.br\/assembleia-de-condominio\/\" target=\"_blank\" rel=\"noreferrer noopener\" aria-label=\"Marcar assembleia geral ordin\u00e1ria para presta\u00e7\u00e3o de contas (opens in a new tab)\">assembleia<\/a> geral ordin\u00e1ria para presta\u00e7\u00e3o de contas<\/li>\n<\/ul>\n\n\n\n<ul class=\"wp-block-list\">\n<li>Fazer uma lista com as escalas de f\u00e9rias dos funcion\u00e1rios<\/li>\n<\/ul>\n\n\n\n<ul class=\"wp-block-list\">\n<li>Checar os contratos do condom\u00ednio com a administradora e os prestadores de servi\u00e7os (datas de vencimentos),&nbsp;<\/li>\n<\/ul>\n\n\n\n<ul class=\"wp-block-list\">\n<li>Verificar a validade do <a href=\"https:\/\/pactonet.com.br\/certificacao-digital-meu-condominio-precisa-do-certificado\/\" target=\"_blank\" rel=\"noreferrer noopener\" aria-label=\"Verificar a validade do certificado digital&nbsp; (opens in a new tab)\">certificado digital&nbsp;<\/a><\/li>\n<\/ul>\n\n\n\n<ul class=\"wp-block-list\">\n<li>Agendar todas as manuten\u00e7\u00f5es peri\u00f3dicas necess\u00e1rias (limpeza da caixa d\u2019\u00e1gua, antenas, elevadores, etc)<\/li>\n<\/ul>\n\n\n\n<ul class=\"wp-block-list\">\n<li>Refor\u00e7ar a <a href=\"https:\/\/pactonet.com.br\/controle-de-acesso-para-condominios\/\" target=\"_blank\" rel=\"noreferrer noopener\" aria-label=\"Refor\u00e7ar a seguran\u00e7a do condom\u00ednio (opens in a new tab)\">seguran\u00e7a do condom\u00ednio<\/a><\/li>\n<\/ul>\n\n\n\n<ul class=\"wp-block-list\">\n<li>Refor\u00e7ar aos cond\u00f4minos o hor\u00e1rio e o regulamento para uso da <a href=\"https:\/\/pactonet.com.br\/area-comum-do-condominio\/\" target=\"_blank\" rel=\"noreferrer noopener\" aria-label=\"Refor\u00e7ar aos cond\u00f4minos o hor\u00e1rio e o regulamento para uso da \u00e1rea de lazer (opens in a new tab)\">\u00e1rea de lazer<\/a><\/li>\n<\/ul>\n\n\n\n<ul class=\"wp-block-list\">\n<li>Fazer campanhas dentro do condom\u00ednio para reduzir o n\u00famero de <a href=\"https:\/\/pactonet.com.br\/inadimplencia-em-condominios-tudo-o-que-voce-precisa-saber\/\" target=\"_blank\" rel=\"noreferrer noopener\" aria-label=\"Fazer campanhas dentro do condom\u00ednio para reduzir o n\u00famero de inadimplentes (opens in a new tab)\">inadimplentes<\/a><\/li>\n<\/ul>\n\n\n\n<ul class=\"wp-block-list\">\n<li>Checar o vencimento da ap\u00f3lice de seguro condominial&nbsp;&nbsp;<\/li>\n<\/ul>\n\n\n\n<ul class=\"wp-block-list\">\n<li>Organizar documentos para <a href=\"https:\/\/pactonet.com.br\/controle-de-despesas-do-condominio\/\" target=\"_blank\" rel=\"noreferrer noopener\" aria-label=\"Organizar documentos para declara\u00e7\u00e3o de imposto de renda do condom\u00ednio. (opens in a new tab)\">declara\u00e7\u00e3o de imposto de renda<\/a> do condom\u00ednio.<\/li>\n<\/ul>\n\n\n\n<ul class=\"wp-block-list\">\n<li>Fazer uma pesquisa de satisfa\u00e7\u00e3o sobre a administra\u00e7\u00e3o<\/li>\n<\/ul>\n\n\n\n<ul class=\"wp-block-list\">\n<li>Solicitar atualiza\u00e7\u00e3o de dados dos moradores<\/li>\n<\/ul>\n\n\n\n<p>E para facilitar ainda mais, criamos uma vers\u00e3o para voc\u00ea imprimir e ir marcando cada item realizado. Para ter acesso ao checklist, basta clicar na imagem abaixo:<\/p>\n\n\n\n<figure class=\"wp-block-image size-full\"><a href=\"https:\/\/conteudo.pactonet.com.br\/checklist-para-sindico\" target=\"_blank\" rel=\"noreferrer noopener\"><img fetchpriority=\"high\" decoding=\"async\" width=\"836\" height=\"160\" sizes=\"(max-width: 836px) 100vw, 836px\" src=\"https:\/\/pactonet.com.br\/pactoWP\/wp-content\/uploads\/2021\/12\/04-01-checklist-blog-banner-836px160px.jpg\" alt=\"\" class=\"wp-image-6427\" srcset=\"https:\/\/pactonet.com.br\/pactoWP\/wp-content\/uploads\/2021\/12\/04-01-checklist-blog-banner-836px160px.jpg 836w, https:\/\/pactonet.com.br\/pactoWP\/wp-content\/uploads\/2021\/12\/04-01-checklist-blog-banner-836px160px-300x57.jpg 300w, https:\/\/pactonet.com.br\/pactoWP\/wp-content\/uploads\/2021\/12\/04-01-checklist-blog-banner-836px160px-768x147.jpg 768w\" \/><\/a><\/figure>\n\n\n\n<p>Gostou desse conte\u00fado? Ent\u00e3o escreva nos coment\u00e1rios o que gostou mais. Caso tenha alguma outra dica, nos ajude tamb\u00e9m a melhorar esse material.<\/p>\n\n\n\n<p>Lembre-se siga a PACTO nas redes sociais, pois assim voc\u00ea ficar\u00e1 por dentro de tudo que acontece no mundo condominial!<\/p>\n","protected":false},"excerpt":{"rendered":"<p>Para te ajudar na organiza\u00e7\u00e3o da sua gest\u00e3o condominial fizemos um checklist com tarefas que devem ser realizadas no in\u00edcio do ano. Confira! <\/p>\n","protected":false},"author":7,"featured_media":6425,"comment_status":"open","ping_status":"open","sticky":false,"template":"","format":"standard","meta":{"ocean_post_layout":"","ocean_both_sidebars_style":"","ocean_both_sidebars_content_width":0,"ocean_both_sidebars_sidebars_width":0,"ocean_sidebar":"0","ocean_second_sidebar":"0","ocean_disable_margins":"enable","ocean_add_body_class":"","ocean_shortcode_before_top_bar":"","ocean_shortcode_after_top_bar":"","ocean_shortcode_before_header":"","ocean_shortcode_after_header":"","ocean_has_shortcode":"","ocean_shortcode_after_title":"","ocean_shortcode_before_footer_widgets":"","ocean_shortcode_after_footer_widgets":"","ocean_shortcode_before_footer_bottom":"","ocean_shortcode_after_footer_bottom":"","ocean_display_top_bar":"default","ocean_display_header":"default","ocean_header_style":"","ocean_center_header_left_menu":"0","ocean_custom_header_template":"0","ocean_custom_logo":0,"ocean_custom_retina_logo":0,"ocean_custom_logo_max_width":0,"ocean_custom_logo_tablet_max_width":0,"ocean_custom_logo_mobile_max_width":0,"ocean_custom_logo_max_height":0,"ocean_custom_logo_tablet_max_height":0,"ocean_custom_logo_mobile_max_height":0,"ocean_header_custom_menu":"0","ocean_menu_typo_font_family":"0","ocean_menu_typo_font_subset":"","ocean_menu_typo_font_size":0,"ocean_menu_typo_font_size_tablet":0,"ocean_menu_typo_font_size_mobile":0,"ocean_menu_typo_font_size_unit":"px","ocean_menu_typo_font_weight":"","ocean_menu_typo_font_weight_tablet":"","ocean_menu_typo_font_weight_mobile":"","ocean_menu_typo_transform":"","ocean_menu_typo_transform_tablet":"","ocean_menu_typo_transform_mobile":"","ocean_menu_typo_line_height":0,"ocean_menu_typo_line_height_tablet":0,"ocean_menu_typo_line_height_mobile":0,"ocean_menu_typo_line_height_unit":"","ocean_menu_typo_spacing":0,"ocean_menu_typo_spacing_tablet":0,"ocean_menu_typo_spacing_mobile":0,"ocean_menu_typo_spacing_unit":"","ocean_menu_link_color":"","ocean_menu_link_color_hover":"","ocean_menu_link_color_active":"","ocean_menu_link_background":"","ocean_menu_link_hover_background":"","ocean_menu_link_active_background":"","ocean_menu_social_links_bg":"","ocean_menu_social_hover_links_bg":"","ocean_menu_social_links_color":"","ocean_menu_social_hover_links_color":"","ocean_disable_title":"default","ocean_disable_heading":"default","ocean_post_title":"","ocean_post_subheading":"","ocean_post_title_style":"","ocean_post_title_background_color":"","ocean_post_title_background":0,"ocean_post_title_bg_image_position":"","ocean_post_title_bg_image_attachment":"","ocean_post_title_bg_image_repeat":"","ocean_post_title_bg_image_size":"","ocean_post_title_height":0,"ocean_post_title_bg_overlay":0.5,"ocean_post_title_bg_overlay_color":"","ocean_disable_breadcrumbs":"default","ocean_breadcrumbs_color":"","ocean_breadcrumbs_separator_color":"","ocean_breadcrumbs_links_color":"","ocean_breadcrumbs_links_hover_color":"","ocean_display_footer_widgets":"default","ocean_display_footer_bottom":"default","ocean_custom_footer_template":"0","ocean_post_oembed":"","ocean_post_self_hosted_media":"","ocean_post_video_embed":"","ocean_link_format":"","ocean_link_format_target":"self","ocean_quote_format":"","ocean_quote_format_link":"post","ocean_gallery_link_images":"off","ocean_gallery_id":[],"footnotes":""},"categories":[343],"tags":[48,39],"class_list":["post-838","post","type-post","status-publish","format-standard","has-post-thumbnail","hentry","category-administracao","tag-checklist","tag-sindico","entry","has-media"],"yoast_head":"<!-- This site is optimized with the Yoast SEO plugin v24.5 - https:\/\/yoast.com\/wordpress\/plugins\/seo\/ -->\r\n<title>Checklist para o s\u00edndico come\u00e7ar o ano com o p\u00e9 direito - PACTO Administradora de Condom\u00ednios<\/title>\r\n<meta name=\"description\" content=\"Para te ajudar na organiza\u00e7\u00e3o do seu condom\u00ednio, fizemos este checklist para o s\u00edndico com tarefas que devem ser realizadas no in\u00edcio do ano.\" \/>\r\n<meta name=\"robots\" content=\"index, follow, max-snippet:-1, max-image-preview:large, max-video-preview:-1\" \/>\r\n<link rel=\"canonical\" href=\"https:\/\/pactonet.com.br\/?p=838\" \/>\r\n<meta property=\"og:locale\" content=\"pt_BR\" \/>\r\n<meta property=\"og:type\" content=\"article\" \/>\r\n<meta property=\"og:title\" content=\"Checklist para o s\u00edndico come\u00e7ar o ano com o p\u00e9 direito - PACTO Administradora de Condom\u00ednios\" \/>\r\n<meta property=\"og:description\" content=\"Para te ajudar na organiza\u00e7\u00e3o do seu condom\u00ednio, fizemos este checklist para o s\u00edndico com tarefas que devem ser realizadas no in\u00edcio do ano.\" \/>\r\n<meta property=\"og:url\" content=\"https:\/\/pactonet.com.br\/?p=838\" \/>\r\n<meta property=\"og:site_name\" content=\"PACTO Administradora de Condom\u00ednios\" \/>\r\n<meta property=\"article:publisher\" content=\"https:\/\/www.facebook.com\/PactoAdministradora\" \/>\r\n<meta property=\"article:published_time\" content=\"2021-12-27T14:00:11+00:00\" \/>\r\n<meta property=\"article:modified_time\" content=\"2024-06-13T17:18:02+00:00\" \/>\r\n<meta property=\"og:image\" content=\"https:\/\/pactonet.com.br\/pactoWP\/wp-content\/uploads\/2020\/12\/checklist-para-comecar-ano-com-pe-direito-news.jpg\" \/>\r\n\t<meta property=\"og:image:width\" content=\"600\" \/>\r\n\t<meta property=\"og:image:height\" content=\"160\" \/>\r\n\t<meta property=\"og:image:type\" content=\"image\/jpeg\" \/>\r\n<meta name=\"author\" content=\"Comunica\u00e7\u00e3o PACTO\" \/>\r\n<meta name=\"twitter:card\" content=\"summary_large_image\" \/>\r\n<meta name=\"twitter:creator\" content=\"@pactoadm\" \/>\r\n<meta name=\"twitter:site\" content=\"@pactoadm\" \/>\r\n<meta name=\"twitter:label1\" content=\"Escrito por\" \/>\n\t<meta name=\"twitter:data1\" content=\"Comunica\u00e7\u00e3o PACTO\" \/>\n\t<meta name=\"twitter:label2\" content=\"Est. tempo de leitura\" \/>\n\t<meta name=\"twitter:data2\" content=\"2 minutos\" \/>\r\n<script type=\"application\/ld+json\" class=\"yoast-schema-graph\">{\"@context\":\"https:\/\/schema.org\",\"@graph\":[{\"@type\":\"Article\",\"@id\":\"https:\/\/pactonet.com.br\/?p=838#article\",\"isPartOf\":{\"@id\":\"https:\/\/pactonet.com.br\/?p=838\"},\"author\":{\"name\":\"Comunica\u00e7\u00e3o PACTO\",\"@id\":\"https:\/\/pactonet.com.br\/#\/schema\/person\/4c1c67841304786780f228ae00756ca5\"},\"headline\":\"Checklist para o s\u00edndico come\u00e7ar o ano com o p\u00e9 direito\",\"datePublished\":\"2021-12-27T14:00:11+00:00\",\"dateModified\":\"2024-06-13T17:18:02+00:00\",\"mainEntityOfPage\":{\"@id\":\"https:\/\/pactonet.com.br\/?p=838\"},\"wordCount\":434,\"commentCount\":10,\"publisher\":{\"@id\":\"https:\/\/pactonet.com.br\/#organization\"},\"image\":{\"@id\":\"https:\/\/pactonet.com.br\/?p=838#primaryimage\"},\"thumbnailUrl\":\"https:\/\/pactonet.com.br\/pactoWP\/wp-content\/uploads\/2021\/12\/04-01-checklist-blog-836px435px-1.jpg\",\"keywords\":[\"checklist\",\"s\u00edndico\"],\"articleSection\":[\"Administra\u00e7\u00e3o\"],\"inLanguage\":\"pt-BR\",\"potentialAction\":[{\"@type\":\"CommentAction\",\"name\":\"Comment\",\"target\":[\"https:\/\/pactonet.com.br\/?p=838#respond\"]}]},{\"@type\":\"WebPage\",\"@id\":\"https:\/\/pactonet.com.br\/?p=838\",\"url\":\"https:\/\/pactonet.com.br\/?p=838\",\"name\":\"Checklist para o s\u00edndico come\u00e7ar o ano com o p\u00e9 direito - PACTO Administradora de Condom\u00ednios\",\"isPartOf\":{\"@id\":\"https:\/\/pactonet.com.br\/#website\"},\"primaryImageOfPage\":{\"@id\":\"https:\/\/pactonet.com.br\/?p=838#primaryimage\"},\"image\":{\"@id\":\"https:\/\/pactonet.com.br\/?p=838#primaryimage\"},\"thumbnailUrl\":\"https:\/\/pactonet.com.br\/pactoWP\/wp-content\/uploads\/2021\/12\/04-01-checklist-blog-836px435px-1.jpg\",\"datePublished\":\"2021-12-27T14:00:11+00:00\",\"dateModified\":\"2024-06-13T17:18:02+00:00\",\"description\":\"Para te ajudar na organiza\u00e7\u00e3o do seu condom\u00ednio, fizemos este checklist para o s\u00edndico com tarefas que devem ser realizadas no in\u00edcio do ano.\",\"breadcrumb\":{\"@id\":\"https:\/\/pactonet.com.br\/?p=838#breadcrumb\"},\"inLanguage\":\"pt-BR\",\"potentialAction\":[{\"@type\":\"ReadAction\",\"target\":[\"https:\/\/pactonet.com.br\/?p=838\"]}]},{\"@type\":\"ImageObject\",\"inLanguage\":\"pt-BR\",\"@id\":\"https:\/\/pactonet.com.br\/?p=838#primaryimage\",\"url\":\"https:\/\/pactonet.com.br\/pactoWP\/wp-content\/uploads\/2021\/12\/04-01-checklist-blog-836px435px-1.jpg\",\"contentUrl\":\"https:\/\/pactonet.com.br\/pactoWP\/wp-content\/uploads\/2021\/12\/04-01-checklist-blog-836px435px-1.jpg\",\"width\":836,\"height\":436},{\"@type\":\"BreadcrumbList\",\"@id\":\"https:\/\/pactonet.com.br\/?p=838#breadcrumb\",\"itemListElement\":[{\"@type\":\"ListItem\",\"position\":1,\"name\":\"In\u00edcio\",\"item\":\"https:\/\/pactonet.com.br\/\"},{\"@type\":\"ListItem\",\"position\":2,\"name\":\"Checklist para o s\u00edndico come\u00e7ar o ano com o p\u00e9 direito\"}]},{\"@type\":\"WebSite\",\"@id\":\"https:\/\/pactonet.com.br\/#website\",\"url\":\"https:\/\/pactonet.com.br\/\",\"name\":\"PACTO Administradora de Condom\u00ednios\",\"description\":\"39 anos de experi\u00eancia em Administra\u00e7\u00e3o Condominial. Gest\u00e3o de Condom\u00ednios Eficiente, Inovadora e Transparente.\",\"publisher\":{\"@id\":\"https:\/\/pactonet.com.br\/#organization\"},\"alternateName\":\"pactonet.com.br\",\"potentialAction\":[{\"@type\":\"SearchAction\",\"target\":{\"@type\":\"EntryPoint\",\"urlTemplate\":\"https:\/\/pactonet.com.br\/?s={search_term_string}\"},\"query-input\":{\"@type\":\"PropertyValueSpecification\",\"valueRequired\":true,\"valueName\":\"search_term_string\"}}],\"inLanguage\":\"pt-BR\"},{\"@type\":\"Organization\",\"@id\":\"https:\/\/pactonet.com.br\/#organization\",\"name\":\"PACTO & Co\",\"url\":\"https:\/\/pactonet.com.br\/\",\"logo\":{\"@type\":\"ImageObject\",\"inLanguage\":\"pt-BR\",\"@id\":\"https:\/\/pactonet.com.br\/#\/schema\/logo\/image\/\",\"url\":\"https:\/\/pactonet.com.br\/pactoWP\/wp-content\/uploads\/2022\/06\/PACTO-grupo.png\",\"contentUrl\":\"https:\/\/pactonet.com.br\/pactoWP\/wp-content\/uploads\/2022\/06\/PACTO-grupo.png\",\"width\":850,\"height\":191,\"caption\":\"PACTO & Co\"},\"image\":{\"@id\":\"https:\/\/pactonet.com.br\/#\/schema\/logo\/image\/\"},\"sameAs\":[\"https:\/\/www.facebook.com\/PactoAdministradora\",\"https:\/\/x.com\/pactoadm\",\"https:\/\/www.instagram.com\/pactoadministradora\/\",\"https:\/\/www.linkedin.com\/company\/pacto-administradora\/\",\"https:\/\/www.youtube.com\/channel\/UCFz66Tf3nKExnbRt_NCK_hw\/\"]},{\"@type\":\"Person\",\"@id\":\"https:\/\/pactonet.com.br\/#\/schema\/person\/4c1c67841304786780f228ae00756ca5\",\"name\":\"Comunica\u00e7\u00e3o PACTO\",\"image\":{\"@type\":\"ImageObject\",\"inLanguage\":\"pt-BR\",\"@id\":\"https:\/\/pactonet.com.br\/#\/schema\/person\/image\/\",\"url\":\"https:\/\/secure.gravatar.com\/avatar\/eca6469cc64b5f8dc768700b4d6208c340b409098566d5d37d0f90f3012a5083?s=96&d=mm&r=g\",\"contentUrl\":\"https:\/\/secure.gravatar.com\/avatar\/eca6469cc64b5f8dc768700b4d6208c340b409098566d5d37d0f90f3012a5083?s=96&d=mm&r=g\",\"caption\":\"Comunica\u00e7\u00e3o PACTO\"},\"url\":\"https:\/\/pactonet.com.br\/?author=7\"}]}<\/script>\r\n<!-- \/ Yoast SEO plugin. -->","yoast_head_json":{"title":"Checklist para o s\u00edndico come\u00e7ar o ano com o p\u00e9 direito - PACTO Administradora de Condom\u00ednios","description":"Para te ajudar na organiza\u00e7\u00e3o do seu condom\u00ednio, fizemos este checklist para o s\u00edndico com tarefas que devem ser realizadas no in\u00edcio do ano.","robots":{"index":"index","follow":"follow","max-snippet":"max-snippet:-1","max-image-preview":"max-image-preview:large","max-video-preview":"max-video-preview:-1"},"canonical":"https:\/\/pactonet.com.br\/?p=838","og_locale":"pt_BR","og_type":"article","og_title":"Checklist para o s\u00edndico come\u00e7ar o ano com o p\u00e9 direito - PACTO Administradora de Condom\u00ednios","og_description":"Para te ajudar na organiza\u00e7\u00e3o do seu condom\u00ednio, fizemos este checklist para o s\u00edndico com tarefas que devem ser realizadas no in\u00edcio do ano.","og_url":"https:\/\/pactonet.com.br\/?p=838","og_site_name":"PACTO Administradora de Condom\u00ednios","article_publisher":"https:\/\/www.facebook.com\/PactoAdministradora","article_published_time":"2021-12-27T14:00:11+00:00","article_modified_time":"2024-06-13T17:18:02+00:00","og_image":[{"width":600,"height":160,"url":"https:\/\/pactonet.com.br\/pactoWP\/wp-content\/uploads\/2020\/12\/checklist-para-comecar-ano-com-pe-direito-news.jpg","type":"image\/jpeg"}],"author":"Comunica\u00e7\u00e3o PACTO","twitter_card":"summary_large_image","twitter_creator":"@pactoadm","twitter_site":"@pactoadm","twitter_misc":{"Escrito por":"Comunica\u00e7\u00e3o PACTO","Est. tempo de leitura":"2 minutos"},"schema":{"@context":"https:\/\/schema.org","@graph":[{"@type":"Article","@id":"https:\/\/pactonet.com.br\/?p=838#article","isPartOf":{"@id":"https:\/\/pactonet.com.br\/?p=838"},"author":{"name":"Comunica\u00e7\u00e3o PACTO","@id":"https:\/\/pactonet.com.br\/#\/schema\/person\/4c1c67841304786780f228ae00756ca5"},"headline":"Checklist para o s\u00edndico come\u00e7ar o ano com o p\u00e9 direito","datePublished":"2021-12-27T14:00:11+00:00","dateModified":"2024-06-13T17:18:02+00:00","mainEntityOfPage":{"@id":"https:\/\/pactonet.com.br\/?p=838"},"wordCount":434,"commentCount":10,"publisher":{"@id":"https:\/\/pactonet.com.br\/#organization"},"image":{"@id":"https:\/\/pactonet.com.br\/?p=838#primaryimage"},"thumbnailUrl":"https:\/\/pactonet.com.br\/pactoWP\/wp-content\/uploads\/2021\/12\/04-01-checklist-blog-836px435px-1.jpg","keywords":["checklist","s\u00edndico"],"articleSection":["Administra\u00e7\u00e3o"],"inLanguage":"pt-BR","potentialAction":[{"@type":"CommentAction","name":"Comment","target":["https:\/\/pactonet.com.br\/?p=838#respond"]}]},{"@type":"WebPage","@id":"https:\/\/pactonet.com.br\/?p=838","url":"https:\/\/pactonet.com.br\/?p=838","name":"Checklist para o s\u00edndico come\u00e7ar o ano com o p\u00e9 direito - PACTO Administradora de Condom\u00ednios","isPartOf":{"@id":"https:\/\/pactonet.com.br\/#website"},"primaryImageOfPage":{"@id":"https:\/\/pactonet.com.br\/?p=838#primaryimage"},"image":{"@id":"https:\/\/pactonet.com.br\/?p=838#primaryimage"},"thumbnailUrl":"https:\/\/pactonet.com.br\/pactoWP\/wp-content\/uploads\/2021\/12\/04-01-checklist-blog-836px435px-1.jpg","datePublished":"2021-12-27T14:00:11+00:00","dateModified":"2024-06-13T17:18:02+00:00","description":"Para te ajudar na organiza\u00e7\u00e3o do seu condom\u00ednio, fizemos este checklist para o s\u00edndico com tarefas que devem ser realizadas no in\u00edcio do ano.","breadcrumb":{"@id":"https:\/\/pactonet.com.br\/?p=838#breadcrumb"},"inLanguage":"pt-BR","potentialAction":[{"@type":"ReadAction","target":["https:\/\/pactonet.com.br\/?p=838"]}]},{"@type":"ImageObject","inLanguage":"pt-BR","@id":"https:\/\/pactonet.com.br\/?p=838#primaryimage","url":"https:\/\/pactonet.com.br\/pactoWP\/wp-content\/uploads\/2021\/12\/04-01-checklist-blog-836px435px-1.jpg","contentUrl":"https:\/\/pactonet.com.br\/pactoWP\/wp-content\/uploads\/2021\/12\/04-01-checklist-blog-836px435px-1.jpg","width":836,"height":436},{"@type":"BreadcrumbList","@id":"https:\/\/pactonet.com.br\/?p=838#breadcrumb","itemListElement":[{"@type":"ListItem","position":1,"name":"In\u00edcio","item":"https:\/\/pactonet.com.br\/"},{"@type":"ListItem","position":2,"name":"Checklist para o s\u00edndico come\u00e7ar o ano com o p\u00e9 direito"}]},{"@type":"WebSite","@id":"https:\/\/pactonet.com.br\/#website","url":"https:\/\/pactonet.com.br\/","name":"PACTO Administradora de Condom\u00ednios","description":"39 anos de experi\u00eancia em Administra\u00e7\u00e3o Condominial. Gest\u00e3o de Condom\u00ednios Eficiente, Inovadora e Transparente.","publisher":{"@id":"https:\/\/pactonet.com.br\/#organization"},"alternateName":"pactonet.com.br","potentialAction":[{"@type":"SearchAction","target":{"@type":"EntryPoint","urlTemplate":"https:\/\/pactonet.com.br\/?s={search_term_string}"},"query-input":{"@type":"PropertyValueSpecification","valueRequired":true,"valueName":"search_term_string"}}],"inLanguage":"pt-BR"},{"@type":"Organization","@id":"https:\/\/pactonet.com.br\/#organization","name":"PACTO & Co","url":"https:\/\/pactonet.com.br\/","logo":{"@type":"ImageObject","inLanguage":"pt-BR","@id":"https:\/\/pactonet.com.br\/#\/schema\/logo\/image\/","url":"https:\/\/pactonet.com.br\/pactoWP\/wp-content\/uploads\/2022\/06\/PACTO-grupo.png","contentUrl":"https:\/\/pactonet.com.br\/pactoWP\/wp-content\/uploads\/2022\/06\/PACTO-grupo.png","width":850,"height":191,"caption":"PACTO & Co"},"image":{"@id":"https:\/\/pactonet.com.br\/#\/schema\/logo\/image\/"},"sameAs":["https:\/\/www.facebook.com\/PactoAdministradora","https:\/\/x.com\/pactoadm","https:\/\/www.instagram.com\/pactoadministradora\/","https:\/\/www.linkedin.com\/company\/pacto-administradora\/","https:\/\/www.youtube.com\/channel\/UCFz66Tf3nKExnbRt_NCK_hw\/"]},{"@type":"Person","@id":"https:\/\/pactonet.com.br\/#\/schema\/person\/4c1c67841304786780f228ae00756ca5","name":"Comunica\u00e7\u00e3o PACTO","image":{"@type":"ImageObject","inLanguage":"pt-BR","@id":"https:\/\/pactonet.com.br\/#\/schema\/person\/image\/","url":"https:\/\/secure.gravatar.com\/avatar\/eca6469cc64b5f8dc768700b4d6208c340b409098566d5d37d0f90f3012a5083?s=96&d=mm&r=g","contentUrl":"https:\/\/secure.gravatar.com\/avatar\/eca6469cc64b5f8dc768700b4d6208c340b409098566d5d37d0f90f3012a5083?s=96&d=mm&r=g","caption":"Comunica\u00e7\u00e3o PACTO"},"url":"https:\/\/pactonet.com.br\/?author=7"}]}},"_links":{"self":[{"href":"https:\/\/pactonet.com.br\/index.php?rest_route=\/wp\/v2\/posts\/838","targetHints":{"allow":["GET"]}}],"collection":[{"href":"https:\/\/pactonet.com.br\/index.php?rest_route=\/wp\/v2\/posts"}],"about":[{"href":"https:\/\/pactonet.com.br\/index.php?rest_route=\/wp\/v2\/types\/post"}],"author":[{"embeddable":true,"href":"https:\/\/pactonet.com.br\/index.php?rest_route=\/wp\/v2\/users\/7"}],"replies":[{"embeddable":true,"href":"https:\/\/pactonet.com.br\/index.php?rest_route=%2Fwp%2Fv2%2Fcomments&post=838"}],"version-history":[{"count":30,"href":"https:\/\/pactonet.com.br\/index.php?rest_route=\/wp\/v2\/posts\/838\/revisions"}],"predecessor-version":[{"id":7356,"href":"https:\/\/pactonet.com.br\/index.php?rest_route=\/wp\/v2\/posts\/838\/revisions\/7356"}],"wp:featuredmedia":[{"embeddable":true,"href":"https:\/\/pactonet.com.br\/index.php?rest_route=\/wp\/v2\/media\/6425"}],"wp:attachment":[{"href":"https:\/\/pactonet.com.br\/index.php?rest_route=%2Fwp%2Fv2%2Fmedia&parent=838"}],"wp:term":[{"taxonomy":"category","embeddable":true,"href":"https:\/\/pactonet.com.br\/index.php?rest_route=%2Fwp%2Fv2%2Fcategories&post=838"},{"taxonomy":"post_tag","embeddable":true,"href":"https:\/\/pactonet.com.br\/index.php?rest_route=%2Fwp%2Fv2%2Ftags&post=838"}],"curies":[{"name":"wp","href":"https:\/\/api.w.org\/{rel}","templated":true}]}}